{"id":49,"date":"2015-03-25T11:01:03","date_gmt":"2015-03-25T10:01:03","guid":{"rendered":"http:\/\/projets-ch.henallux.be\/activitespeda\/?p=49"},"modified":"2015-03-25T11:01:03","modified_gmt":"2015-03-25T10:01:03","slug":"osons-les-couleurs","status":"publish","type":"post","link":"https:\/\/projets-ch.henallux.be\/activitespeda\/index.php\/2015\/03\/25\/osons-les-couleurs\/","title":{"rendered":"Osons les couleurs !"},"content":{"rendered":"<p>Le spectacle \u00ab\u00a0Osons les couleurs\u00a0\u00bb r\u00e9alis\u00e9 par les \u00e9tudiants de Bac2, futurs instituteurs et institutrices pr\u00e9scolaires et primaires, ainsi que les \u00e9tudiantes de <a title=\"l'IMEP\" href=\"https:\/\/www.imep.be\/fr\/\" target=\"_blank\" rel=\"noopener noreferrer\">l&rsquo;IMEP<\/a>, ont pr\u00e9sent\u00e9 \u00e0 trois reprises fut une v\u00e9ritable r\u00e9ussite pour ces futurs enseignants.<br \/>\n<a title=\"Article paru dans le journal &quot;Vers l'avenir&quot;\" href=\"http:\/\/www.lavenir.net\/cnt\/dmf20150323_00622377\" target=\"_blank\" rel=\"noopener noreferrer\">http:\/\/www.lavenir.net\/cnt\/dmf20150323_00622377<\/a><br \/>\n<img src=\"http:\/\/1.lavenircdn.net\/Assets\/Images_Upload\/Actu24\/2015\/03\/23\/682024f6-736d-406d-a484-8dd4a6c61c2e_original.jpg?maxheight=380&amp;maxwidth=568&amp;scale=both&amp;format=jpg\" alt=\"Les futurs instituteurs ont cr\u00e9\u00e9 leur spectacle.\" \/><br \/>\n<a title=\"Page Facebook de l'\u00e9v\u00e9nement\" href=\"https:\/\/www.facebook.com\/OLChenallux\" target=\"_blank\" rel=\"noopener noreferrer\">https:\/\/www.facebook.com\/OLChenallux<\/a><br \/>\n&nbsp;<\/p>\n","protected":false},"excerpt":{"rendered":"<p>Le spectacle \u00ab\u00a0Osons les couleurs\u00a0\u00bb r\u00e9alis\u00e9 par les \u00e9tudiants de Bac2, futurs instituteurs et institutrices pr\u00e9scolaires et primaires, ainsi que les \u00e9tudiantes de l&rsquo;IMEP, ont pr\u00e9sent\u00e9 \u00e0 trois reprises fut une v\u00e9ritable r\u00e9ussite pour ces futurs enseignants. http:\/\/www.lavenir.net\/cnt\/dmf20150323_00622377 https:\/\/www.facebook.com\/OLChenallux &nbsp;<\/p>\n","protected":false},"author":2,"featured_media":0,"comment_status":"open","ping_status":"open","sticky":false,"template":"","format":"standard","meta":[],"categories":[3],"tags":[],"_links":{"self":[{"href":"https:\/\/projets-ch.henallux.be\/activitespeda\/index.php\/wp-json\/wp\/v2\/posts\/49"}],"collection":[{"href":"https:\/\/projets-ch.henallux.be\/activitespeda\/index.php\/wp-json\/wp\/v2\/posts"}],"about":[{"href":"https:\/\/projets-ch.henallux.be\/activitespeda\/index.php\/wp-json\/wp\/v2\/types\/post"}],"author":[{"embeddable":true,"href":"https:\/\/projets-ch.henallux.be\/activitespeda\/index.php\/wp-json\/wp\/v2\/users\/2"}],"replies":[{"embeddable":true,"href":"https:\/\/projets-ch.henallux.be\/activitespeda\/index.php\/wp-json\/wp\/v2\/comments?post=49"}],"version-history":[{"count":0,"href":"https:\/\/projets-ch.henallux.be\/activitespeda\/index.php\/wp-json\/wp\/v2\/posts\/49\/revisions"}],"wp:attachment":[{"href":"https:\/\/projets-ch.henallux.be\/activitespeda\/index.php\/wp-json\/wp\/v2\/media?parent=49"}],"wp:term":[{"taxonomy":"category","embeddable":true,"href":"https:\/\/projets-ch.henallux.be\/activitespeda\/index.php\/wp-json\/wp\/v2\/categories?post=49"},{"taxonomy":"post_tag","embeddable":true,"href":"https:\/\/projets-ch.henallux.be\/activitespeda\/index.php\/wp-json\/wp\/v2\/tags?post=49"}],"curies":[{"name":"wp","href":"https:\/\/api.w.org\/{rel}","templated":true}]}}